{"id":327,"date":"2013-08-10T18:47:07","date_gmt":"2013-08-10T18:47:07","guid":{"rendered":"http:\/\/gjertrudvennene.isay.no\/?p=327"},"modified":"2013-08-10T18:47:07","modified_gmt":"2013-08-10T18:47:07","slug":"oslo-gruppe-etablert","status":"publish","type":"post","link":"http:\/\/gjertrudvennene.isay.no\/?p=327","title":{"rendered":"Oslo gruppe etablert"},"content":{"rendered":"<script type=\"text\/javascript\"><!--\r\ngoogle_ad_client = \"ca-pub-6441968085281526\";\r\n\/* Annonser p\u00e5 gamle blogger liten *\/\r\ngoogle_ad_slot = \"5387826424\";\r\ngoogle_ad_width = 468;\r\ngoogle_ad_height = 60;\r\n\/\/-->\r\n<\/script>\r\n<script type=\"text\/javascript\"\r\nsrc=\"http:\/\/pagead2.googlesyndication.com\/pagead\/show_ads.js\">\r\n<\/script><p><a href=\"http:\/\/gjertrudvennene.isay.no\/files\/2012\/05\/Ingegerd.jpg\"><img loading=\"lazy\" class=\"alignleft size-medium wp-image-154\" alt=\"\" src=\"http:\/\/gjertrudvennene.isay.no\/files\/2012\/05\/Ingegerd-300x199.jpg\" width=\"300\" height=\"199\" srcset=\"http:\/\/gjertrudvennene.isay.no\/files\/2012\/05\/Ingegerd-300x199.jpg 300w, http:\/\/gjertrudvennene.isay.no\/files\/2012\/05\/Ingegerd-1024x682.jpg 1024w, http:\/\/gjertrudvennene.isay.no\/files\/2012\/05\/Ingegerd.jpg 1061w\" sizes=\"(max-width: 300px) 100vw, 300px\" \/><\/a>Jeg skal ikke p\u00e5st\u00e5 at det har veldig raskt fremover i arbeidet med GV, men ting skjer sm\u00e5tt og pent. Landets viktigste by i v\u00e5r sammenheng er selvsagt Oslo med sitt store innbyggertall. N\u00e5 har vi en liten lokal resursgruppe p\u00e5 plass og kan dermed p\u00e5ta oss oppdrag. Vi er tre personer, en dame og to menn. Ikke minst i Oslo skulle vi gjerne v\u00e6rt en litt st\u00f8rre gruppe, s\u00e5 vi etterlyser herved kloke, gode personer som kan tenke seg \u00e5 st\u00e5 som mulige deltakere. Ved \u00e5 v\u00e6re flere, st\u00e5r vi friere og kan sikre oss at i alle fall en av oss kan delta. For det er jo ikke slik at man som frivillig, binder seg til noe som helst. Men man vil kunne bli spurt om det passer \u00e5 delta, og enten s\u00e5 kan man, eller s\u00e5 kan man ikke. Dermed burde det ikke v\u00e6re s\u00e5 vanskelig \u00e5 melde seg frivillig.<\/p>\n<p>Oslo-gruppen best\u00e5r av Lars Hoel, Erling Brubakk og D.D.<\/p>\n","protected":false},"excerpt":{"rendered":"<p>Jeg skal ikke p\u00e5st\u00e5 at det har veldig raskt fremover i arbeidet med GV, men ting skjer sm\u00e5tt og pent. Landets viktigste by i v\u00e5r sammenheng er selvsagt Oslo med sitt store innbyggertall. N\u00e5 har vi en liten lokal resursgruppe p\u00e5 plass og kan dermed p\u00e5ta oss oppdrag. Vi er tre personer, en dame og [&hellip;]<\/p>\n","protected":false},"author":1880,"featured_media":0,"comment_status":"open","ping_status":"open","sticky":false,"template":"","format":"standard","meta":[],"categories":[741],"tags":[],"_links":{"self":[{"href":"http:\/\/gjertrudvennene.isay.no\/index.php?rest_route=\/wp\/v2\/posts\/327"}],"collection":[{"href":"http:\/\/gjertrudvennene.isay.no\/index.php?rest_route=\/wp\/v2\/posts"}],"about":[{"href":"http:\/\/gjertrudvennene.isay.no\/index.php?rest_route=\/wp\/v2\/types\/post"}],"author":[{"embeddable":true,"href":"http:\/\/gjertrudvennene.isay.no\/index.php?rest_route=\/wp\/v2\/users\/1880"}],"replies":[{"embeddable":true,"href":"http:\/\/gjertrudvennene.isay.no\/index.php?rest_route=%2Fwp%2Fv2%2Fcomments&post=327"}],"version-history":[{"count":1,"href":"http:\/\/gjertrudvennene.isay.no\/index.php?rest_route=\/wp\/v2\/posts\/327\/revisions"}],"predecessor-version":[{"id":328,"href":"http:\/\/gjertrudvennene.isay.no\/index.php?rest_route=\/wp\/v2\/posts\/327\/revisions\/328"}],"wp:attachment":[{"href":"http:\/\/gjertrudvennene.isay.no\/index.php?rest_route=%2Fwp%2Fv2%2Fmedia&parent=327"}],"wp:term":[{"taxonomy":"category","embeddable":true,"href":"http:\/\/gjertrudvennene.isay.no\/index.php?rest_route=%2Fwp%2Fv2%2Fcategories&post=327"},{"taxonomy":"post_tag","embeddable":true,"href":"http:\/\/gjertrudvennene.isay.no\/index.php?rest_route=%2Fwp%2Fv2%2Ftags&post=327"}],"curies":[{"name":"wp","href":"https:\/\/api.w.org\/{rel}","templated":true}]}}