{"id":823,"date":"2018-05-19T10:06:24","date_gmt":"2018-05-19T10:06:24","guid":{"rendered":"http:\/\/gjertrudvennene.isay.no\/?p=823"},"modified":"2018-05-19T10:08:19","modified_gmt":"2018-05-19T10:08:19","slug":"vil-du-vaere-en-stedskontakt","status":"publish","type":"post","link":"http:\/\/gjertrudvennene.isay.no\/?p=823","title":{"rendered":"Vil du v\u00e6re en Stedskontakt?"},"content":{"rendered":"<p><img loading=\"lazy\" class=\"alignleft size-medium wp-image-824\" src=\"http:\/\/gjertrudvennene.isay.no\/files\/2018\/05\/IMAG1086-300x169.jpg\" alt=\"\" width=\"300\" height=\"169\" srcset=\"http:\/\/gjertrudvennene.isay.no\/files\/2018\/05\/IMAG1086-300x169.jpg 300w, http:\/\/gjertrudvennene.isay.no\/files\/2018\/05\/IMAG1086-768x433.jpg 768w, http:\/\/gjertrudvennene.isay.no\/files\/2018\/05\/IMAG1086-1024x577.jpg 1024w\" sizes=\"(max-width: 300px) 100vw, 300px\" \/><\/p>\n<p>&nbsp;<\/p>\n<p>&nbsp;<\/p>\n<p>&nbsp;<\/p>\n<p>&nbsp;<\/p>\n<p>Vi \u00f8nsker oss aktive og passive Gjertrudvenner over hele landet, men sp\u00f8rsm\u00e5let er: Hvilken tilknytting \u00f8nsker du \u00e5 ha?<\/p>\n<p>A) Man regnes som \u00abpassiv\u00bb (men like fullt viktig) Gjertrudvenn n\u00e5r man f\u00f8lger p\u00e5 Facebook<\/p>\n<p>B) Man kan n\u00e5 (nytt i mai 2018) bli Stedskontakt<\/p>\n<p>C) Man kan v\u00e6re med i en aktiv lokalgruppe\/eventuelt bli Kontaktperson for denne<\/p>\n<p>Vi \u00f8nsker \u00e5 utvide nettverket v\u00e5rt og etablerer n\u00e5 noe som kalles Stedskontakt. Vi har erfart at det kan v\u00e6re nyttig med et skille mellom <strong>Stedskontakt<\/strong> og <strong>Kontaktperson for en gruppe<\/strong>, og her vil vi forklare litt om denne \u00abomorganiseringen\u00bb.<\/p>\n<p>&nbsp;<\/p>\n<p><strong>\u00c5 v\u00e6re Stedskontakt<\/strong><\/p>\n<p>P\u00e5 mindre steder og i sm\u00e5byer er det sjelden gravferder uten ansvarlig p\u00e5r\u00f8rende, men ogs\u00e5 her \u00f8nsker vi \u00e5 ha Gjertrudvenner. Vi s\u00f8ker derfor etter personer som \u00f8nsker \u00e5 v\u00e6re Stedskontakt p\u00e5 sitt sted \u2013 stort eller lite. En slik oppgave krever lite. Da er du en ressurs, som kan delta den dagen behovet m\u00e5tte melde seg, den dagen vi eller du blir kontaktet av noen i ditt omr\u00e5de. Da vil vi kunne oppgi ditt navn og epostadresse til ev. prest, kirkekontor, p\u00e5r\u00f8rende. Men i utgangspunktet er ditt virke av \u00absovende\u00bb karakter.<\/p><script type=\"text\/javascript\"><!--\r\ngoogle_ad_client = \"ca-pub-6441968085281526\";\r\n\/* Annonser p\u00e5 gamle blogger liten *\/\r\ngoogle_ad_slot = \"5387826424\";\r\ngoogle_ad_width = 468;\r\ngoogle_ad_height = 60;\r\n\/\/-->\r\n<\/script>\r\n<script type=\"text\/javascript\"\r\nsrc=\"http:\/\/pagead2.googlesyndication.com\/pagead\/show_ads.js\">\r\n<\/script>\n<p>Du kan v\u00e6re Stedskontakt i en sm\u00e5by eller en liten bygd. Det spesielle med Stedskontakt, er jo at det ikke fordrer at du selv gj\u00f8r en aktiv innsats overfor lokale etater, kirkekontor osv.<\/p>\n<p>&nbsp;<\/p>\n<p><strong>\u00c5 v\u00e6re aktivt med i en gruppe<\/strong><\/p>\n<p>Dette er for de som \u00f8nsker \u00e5 etablere eller delta i en aktiv gruppe. Oppgaven som leder\/kontaktperson for gruppen fordrer at man er interessert i aktivt \u00e5 ta kontakt med etater; kirkekontor, prester, byr\u00e5 osv. for \u00e5 etablere en kontakt\/samarbeid med disse. En gruppe b\u00f8r best\u00e5 av rundt tre Gjertrudvenner, men man kan ogs\u00e5 utgj\u00f8re en gruppe alene \u2013 hvis man m\u00e5tte \u00f8nske det \u2013 for eksempel i starten. Det \u00e5 v\u00e6re kontaktperson fordrer at man s\u00f8rger for \u00e5 ha et m\u00f8te med den ansvarlige for gravferder i kommunen, slik at det kan etableres et samarbeid.<\/p>\n<p>Er du Kontaktperson, m\u00e5 vi ogs\u00e5 kunne formidle ditt navn og kontaktinfo til offentligheten. Navn p\u00e5 deltakere i lokalgrupper offentliggj\u00f8res ikke.<\/p>\n<p>Du kan ogs\u00e5 melde deg til \u00e5 v\u00e6re aktivt med i en gruppe, men ikke v\u00e6re Kontaktpersonen. Da er du en medarbeider for Kontaktpersonen.<\/p>\n<p>&nbsp;<\/p>\n<p><strong>Hva kreves av b\u00e5de Stedskontakter og Kontaktpersoner\/deltagere i grupper?<\/strong><\/p>\n<p>Man b\u00f8r ha fulgt Gjertrudvennene en tid og v\u00e6re sikker p\u00e5 at man har et \u00f8nske om et langvarig \u00abengasjement\u00bb, at det hele ikke er for impulsivt. S\u00e5 m\u00e5 man v\u00e6re den type person som evner \u00e5 opptre diskret, stillfarent og dannet \u2013 enten man stiller i et m\u00f8te eller deltar i en seremoni.<\/p>\n<p>&nbsp;<\/p>\n<p><strong>Hva gj\u00f8r du n\u00e5?<\/strong><\/p>\n<p>Uansett hva du m\u00e5tte velge, s\u00e5 send oss en epost og fortell det du m\u00e5tte \u00f8nske om deg selv, og si noe om din motivasjon for \u00e5 ville delta. Henvend deg p\u00e5 epost, ikke per Facebook-melding, for det gj\u00f8r det lettere for oss \u00e5 holde oversikten og ikke miste noen henvendelser. Har du sp\u00f8rsm\u00e5l, er du alltid velkommen til \u00e5 sende oss dette per epost.<\/p>\n<p>Sekret\u00e6ren<\/p>\n","protected":false},"excerpt":{"rendered":"<p>&nbsp; &nbsp; &nbsp; &nbsp; Vi \u00f8nsker oss aktive og passive Gjertrudvenner over hele landet, men sp\u00f8rsm\u00e5let er: Hvilken tilknytting \u00f8nsker du \u00e5 ha? A) Man regnes som \u00abpassiv\u00bb (men like fullt viktig) Gjertrudvenn n\u00e5r man f\u00f8lger p\u00e5 Facebook B) Man kan n\u00e5 (nytt i mai 2018) bli Stedskontakt C) Man kan v\u00e6re med i en [&hellip;]<\/p>\n","protected":false},"author":1880,"featured_media":0,"comment_status":"open","ping_status":"open","sticky":false,"template":"","format":"standard","meta":[],"categories":[741],"tags":[],"_links":{"self":[{"href":"http:\/\/gjertrudvennene.isay.no\/index.php?rest_route=\/wp\/v2\/posts\/823"}],"collection":[{"href":"http:\/\/gjertrudvennene.isay.no\/index.php?rest_route=\/wp\/v2\/posts"}],"about":[{"href":"http:\/\/gjertrudvennene.isay.no\/index.php?rest_route=\/wp\/v2\/types\/post"}],"author":[{"embeddable":true,"href":"http:\/\/gjertrudvennene.isay.no\/index.php?rest_route=\/wp\/v2\/users\/1880"}],"replies":[{"embeddable":true,"href":"http:\/\/gjertrudvennene.isay.no\/index.php?rest_route=%2Fwp%2Fv2%2Fcomments&post=823"}],"version-history":[{"count":3,"href":"http:\/\/gjertrudvennene.isay.no\/index.php?rest_route=\/wp\/v2\/posts\/823\/revisions"}],"predecessor-version":[{"id":827,"href":"http:\/\/gjertrudvennene.isay.no\/index.php?rest_route=\/wp\/v2\/posts\/823\/revisions\/827"}],"wp:attachment":[{"href":"http:\/\/gjertrudvennene.isay.no\/index.php?rest_route=%2Fwp%2Fv2%2Fmedia&parent=823"}],"wp:term":[{"taxonomy":"category","embeddable":true,"href":"http:\/\/gjertrudvennene.isay.no\/index.php?rest_route=%2Fwp%2Fv2%2Fcategories&post=823"},{"taxonomy":"post_tag","embeddable":true,"href":"http:\/\/gjertrudvennene.isay.no\/index.php?rest_route=%2Fwp%2Fv2%2Ftags&post=823"}],"curies":[{"name":"wp","href":"https:\/\/api.w.org\/{rel}","templated":true}]}}